{"id":498,"date":"2021-12-21T08:58:44","date_gmt":"2021-12-21T08:58:44","guid":{"rendered":"https:\/\/www.almendrasdebardenas.com\/?p=498"},"modified":"2021-12-21T09:45:47","modified_gmt":"2021-12-21T09:45:47","slug":"","status":"publish","type":"post","link":"https:\/\/www.almendrasdebardenas.com\/fr\/blog\/receta-de-almendras-tostadas-de-mi-abuela\/","title":{"rendered":"","raw":""},"content":{"rendered":"","protected":false,"raw":""},"excerpt":{"rendered":"","protected":false,"raw":""},"author":1,"featured_media":499,"comment_status":"closed","ping_status":"closed","sticky":false,"template":"","format":"standard","meta":{"_es_post_content":"Os traemos la <strong>receta de almendras tostadas al horno<\/strong> de mi abuela, si segu\u00eds los pasos, os quedar\u00e1n crujientes y muy sabrosas.\r\n<!--more-->\r\nSi te gustan las almendras tostadas, lo mejor es tostarlas en casa a partir de almendras de calidad, de esta forma te quedar\u00e1n mas ricas y sabrosas y conservar\u00e1n todas sus propiedades.\r\n\r\nHay que tener en cuenta que todas las almendras sean del mismo tama\u00f1o para que se tuesten todas de manera uniforme. Aconsejamos utilizar las variedad de <a title=\"Almendra Belona para tostar\" href=\"https:\/\/www.almendrasdebardenas.com\/productos\/almendra-belona-con-cascara\/\" target=\"blank\" rel=\"noopener\">almendra Belona<\/a> y la <a title=\"Almendra Marcona para hacer almendras tostadas\" href=\"https:\/\/www.almendrasdebardenas.com\/productos\/comprar-almendra-marcona\/\" target=\"blank\" rel=\"noopener\">almendra Marcona<\/a>, ya que estas almendras tienen forma redondeada y quedan muy crujientes y muy vistosas para servirlas como aperitivo.\r\n\r\nAdem\u00e1s ambas variedades poseen un alto contenido de aceite y un sabor intenso, por lo que son especialmente apropiadas para elaborar este tipo de recetas, dando como resultado unas almendras jugosas y crujientes.\r\n<h3>Ingredientes<\/h3>\r\nPara la elaboraci\u00f3n de estas almendras tostadas unicamente usaremos almendras 100% naturales,\u00a0 no utilizaremos sal ni ning\u00fan otro ingrediente.\r\n<h3>Elaboraci\u00f3n de la receta de almendras tostadas<\/h3>\r\n<ul>\r\n \t<li>Precalentamos el horno a 180 grados.<\/li>\r\n \t<li>Primero escaldamos las almendras en agua hirviendo durante dos minutos para que la piel marr\u00f3n quede suelta (as\u00ed se podr\u00e1n pelar una vez tostadas).<\/li>\r\n \t<li>Las escurrimos y las secamos sobre una superficie plana con un poco de papel absorbente para quitar el exceso de humedad.<\/li>\r\n \t<li>Las distribuimos en la bandeja del horno en una sola capa, sin formar montones, para que se tuesten uniformemente.<\/li>\r\n \t<li>Tenemos que moverlas cada 4 minutos (muy importante para conseguir el tostado ideal).<\/li>\r\n \t<li>El tiempo total de tostado es aproximadamente 20 minutos. (esto depender\u00e1 del horno que utilicemos, no te descuides porque se queman f\u00e1cilmente).<\/li>\r\n \t<li>Cuando empiezan a hacer un ruido tipo chasquido es que ya est\u00e1n casi. Las volvemos a mover, calculamos dos minutos m\u00e1s y ya estar\u00e1n listas para sacarlas del horno. Este momento es muy importante porque pueden quedarse crudas o, si nos excedemos de tiempo, tostarse demasiado.<\/li>\r\n \t<li>Cuando las saquemos del horno, las ponemos en un cuenco bien envueltas con un trapo de cocina para que se enfr\u00eden muy lentamente, as\u00ed conseguimos que queden s\u00faper crujientes.<\/li>\r\n<\/ul>\r\nUna vez se hayan enfriado, ya puedes degustar este excelente producto, bien sea como picoteo, acompa\u00f1adas de un aperitivo, o bien para la realizaci\u00f3n de numerosos platos, postres y dulces.","_es_post_name":"receta-de-almendras-tostadas-de-mi-abuela","_es_post_excerpt":"","_es_post_title":"Almendras tostadas, la receta de mi abuela","_en_post_content":"","_en_post_name":"","_en_post_excerpt":"","_en_post_title":"","_fr_post_content":"","_fr_post_name":"","_fr_post_excerpt":"","_fr_post_title":"","edit_language":"fr","footnotes":""},"categories":[1],"tags":[],"class_list":["post-498","post","type-post","status-publish","format-standard","has-post-thumbnail","hentry","category-blog"],"yoast_head":"<!-- This site is optimized with the Yoast SEO plugin v27.4 - https:\/\/yoast.com\/product\/yoast-seo-wordpress\/ -->\n<title>Receta de almendras tostadas de mi abuela, elaboraci\u00f3n tradicional.<\/title>\n<meta name=\"description\" content=\"\u00bfSabes como elaborar almendras tostadas?, os traigo la receta de almendras tostadas tal y como las preparaba mi abuela.\" \/>\n<meta name=\"robots\" content=\"index, follow, max-snippet:-1, max-image-preview:large, max-video-preview:-1\" \/>\n<link rel=\"canonical\" href=\"https:\/\/www.almendrasdebardenas.com\/blog\/receta-de-almendras-tostadas-de-mi-abuela\/\" \/>\n<meta property=\"og:locale\" content=\"fr_FR\" \/>\n<meta property=\"og:type\" content=\"article\" \/>\n<meta property=\"og:title\" content=\"Receta de almendras tostadas de mi abuela, elaboraci\u00f3n tradicional.\" \/>\n<meta property=\"og:description\" content=\"\u00bfSabes como elaborar almendras tostadas?, os traigo la receta de almendras tostadas tal y como las preparaba mi abuela.\" \/>\n<meta property=\"og:url\" content=\"https:\/\/www.almendrasdebardenas.com\/blog\/receta-de-almendras-tostadas-de-mi-abuela\/\" \/>\n<meta property=\"og:site_name\" content=\"Almendras Leoz\" \/>\n<meta property=\"article:published_time\" content=\"2021-12-21T08:58:44+00:00\" \/>\n<meta property=\"article:modified_time\" content=\"2021-12-21T09:45:47+00:00\" \/>\n<meta property=\"og:image\" content=\"https:\/\/www.almendrasdebardenas.com\/wp-content\/uploads\/receta-de-almendras-tostadas.jpg\" \/>\n\t<meta property=\"og:image:width\" content=\"1024\" \/>\n\t<meta property=\"og:image:height\" content=\"920\" \/>\n\t<meta property=\"og:image:type\" content=\"image\/jpeg\" \/>\n<meta name=\"author\" content=\"Exmendras9778Ire\" \/>\n<meta name=\"twitter:card\" content=\"summary_large_image\" \/>\n<meta name=\"twitter:creator\" content=\"@irenenonay\" \/>\n<meta name=\"twitter:site\" content=\"@irenenonay\" \/>\n<meta name=\"twitter:label1\" content=\"\u00c9crit par\" \/>\n\t<meta name=\"twitter:data1\" content=\"Exmendras9778Ire\" \/>\n\t<meta name=\"twitter:label2\" content=\"Dur\u00e9e de lecture estim\u00e9e\" \/>\n\t<meta name=\"twitter:data2\" content=\"2 minutes\" \/>\n<script type=\"application\/ld+json\" class=\"yoast-schema-graph\">{\"@context\":\"https:\\\/\\\/schema.org\",\"@graph\":[{\"@type\":\"Article\",\"@id\":\"https:\\\/\\\/www.almendrasdebardenas.com\\\/blog\\\/receta-de-almendras-tostadas-de-mi-abuela\\\/#article\",\"isPartOf\":{\"@id\":\"https:\\\/\\\/www.almendrasdebardenas.com\\\/blog\\\/receta-de-almendras-tostadas-de-mi-abuela\\\/\"},\"author\":{\"name\":\"Exmendras9778Ire\",\"@id\":\"https:\\\/\\\/www.almendrasdebardenas.com\\\/#\\\/schema\\\/person\\\/28d82a27ebb159b9dad862c60b9656e3\"},\"headline\":\"Almendras tostadas, la receta de mi abuela\",\"datePublished\":\"2021-12-21T08:58:44+00:00\",\"dateModified\":\"2021-12-21T09:45:47+00:00\",\"mainEntityOfPage\":{\"@id\":\"https:\\\/\\\/www.almendrasdebardenas.com\\\/blog\\\/receta-de-almendras-tostadas-de-mi-abuela\\\/\"},\"wordCount\":396,\"publisher\":{\"@id\":\"https:\\\/\\\/www.almendrasdebardenas.com\\\/#organization\"},\"image\":{\"@id\":\"https:\\\/\\\/www.almendrasdebardenas.com\\\/blog\\\/receta-de-almendras-tostadas-de-mi-abuela\\\/#primaryimage\"},\"thumbnailUrl\":\"https:\\\/\\\/www.almendrasdebardenas.com\\\/wp-content\\\/uploads\\\/receta-de-almendras-tostadas.jpg\",\"articleSection\":[\"Blog\"],\"inLanguage\":\"fr-FR\"},{\"@type\":\"WebPage\",\"@id\":\"https:\\\/\\\/www.almendrasdebardenas.com\\\/blog\\\/receta-de-almendras-tostadas-de-mi-abuela\\\/\",\"url\":\"https:\\\/\\\/www.almendrasdebardenas.com\\\/blog\\\/receta-de-almendras-tostadas-de-mi-abuela\\\/\",\"name\":\"Receta de almendras tostadas de mi abuela, elaboraci\u00f3n tradicional.\",\"isPartOf\":{\"@id\":\"https:\\\/\\\/www.almendrasdebardenas.com\\\/#website\"},\"primaryImageOfPage\":{\"@id\":\"https:\\\/\\\/www.almendrasdebardenas.com\\\/blog\\\/receta-de-almendras-tostadas-de-mi-abuela\\\/#primaryimage\"},\"image\":{\"@id\":\"https:\\\/\\\/www.almendrasdebardenas.com\\\/blog\\\/receta-de-almendras-tostadas-de-mi-abuela\\\/#primaryimage\"},\"thumbnailUrl\":\"https:\\\/\\\/www.almendrasdebardenas.com\\\/wp-content\\\/uploads\\\/receta-de-almendras-tostadas.jpg\",\"datePublished\":\"2021-12-21T08:58:44+00:00\",\"dateModified\":\"2021-12-21T09:45:47+00:00\",\"description\":\"\u00bfSabes como elaborar almendras tostadas?, os traigo la receta de almendras tostadas tal y como las preparaba mi abuela.\",\"breadcrumb\":{\"@id\":\"https:\\\/\\\/www.almendrasdebardenas.com\\\/blog\\\/receta-de-almendras-tostadas-de-mi-abuela\\\/#breadcrumb\"},\"inLanguage\":\"fr-FR\",\"potentialAction\":[{\"@type\":\"ReadAction\",\"target\":[\"https:\\\/\\\/www.almendrasdebardenas.com\\\/blog\\\/receta-de-almendras-tostadas-de-mi-abuela\\\/\"]}]},{\"@type\":\"ImageObject\",\"inLanguage\":\"fr-FR\",\"@id\":\"https:\\\/\\\/www.almendrasdebardenas.com\\\/blog\\\/receta-de-almendras-tostadas-de-mi-abuela\\\/#primaryimage\",\"url\":\"https:\\\/\\\/www.almendrasdebardenas.com\\\/wp-content\\\/uploads\\\/receta-de-almendras-tostadas.jpg\",\"contentUrl\":\"https:\\\/\\\/www.almendrasdebardenas.com\\\/wp-content\\\/uploads\\\/receta-de-almendras-tostadas.jpg\",\"width\":1024,\"height\":920,\"caption\":\"Receta de almendras tostadas\"},{\"@type\":\"BreadcrumbList\",\"@id\":\"https:\\\/\\\/www.almendrasdebardenas.com\\\/blog\\\/receta-de-almendras-tostadas-de-mi-abuela\\\/#breadcrumb\",\"itemListElement\":[{\"@type\":\"ListItem\",\"position\":1,\"name\":\"Portada\",\"item\":\"https:\\\/\\\/www.almendrasdebardenas.com\\\/\"},{\"@type\":\"ListItem\",\"position\":2,\"name\":\"Almendras tostadas, la receta de mi abuela\"}]},{\"@type\":\"WebSite\",\"@id\":\"https:\\\/\\\/www.almendrasdebardenas.com\\\/#website\",\"url\":\"https:\\\/\\\/www.almendrasdebardenas.com\\\/\",\"name\":\"Almendras Leoz\",\"description\":\"Almendras de Bardenas\",\"publisher\":{\"@id\":\"https:\\\/\\\/www.almendrasdebardenas.com\\\/#organization\"},\"potentialAction\":[{\"@type\":\"SearchAction\",\"target\":{\"@type\":\"EntryPoint\",\"urlTemplate\":\"https:\\\/\\\/www.almendrasdebardenas.com\\\/?s={search_term_string}\"},\"query-input\":{\"@type\":\"PropertyValueSpecification\",\"valueRequired\":true,\"valueName\":\"search_term_string\"}}],\"inLanguage\":\"fr-FR\"},{\"@type\":\"Organization\",\"@id\":\"https:\\\/\\\/www.almendrasdebardenas.com\\\/#organization\",\"name\":\"Almendras Leoz\",\"url\":\"https:\\\/\\\/www.almendrasdebardenas.com\\\/\",\"logo\":{\"@type\":\"ImageObject\",\"inLanguage\":\"fr-FR\",\"@id\":\"https:\\\/\\\/www.almendrasdebardenas.com\\\/#\\\/schema\\\/logo\\\/image\\\/\",\"url\":\"https:\\\/\\\/www.almendrasdebardenas.com\\\/wp-content\\\/uploads\\\/leoz-almendras-de-bardenas.png\",\"contentUrl\":\"https:\\\/\\\/www.almendrasdebardenas.com\\\/wp-content\\\/uploads\\\/leoz-almendras-de-bardenas.png\",\"width\":300,\"height\":90,\"caption\":\"Almendras Leoz\"},\"image\":{\"@id\":\"https:\\\/\\\/www.almendrasdebardenas.com\\\/#\\\/schema\\\/logo\\\/image\\\/\"},\"sameAs\":[\"https:\\\/\\\/x.com\\\/irenenonay\",\"https:\\\/\\\/www.instagram.com\\\/irenenonay\\\/\"]},{\"@type\":\"Person\",\"@id\":\"https:\\\/\\\/www.almendrasdebardenas.com\\\/#\\\/schema\\\/person\\\/28d82a27ebb159b9dad862c60b9656e3\",\"name\":\"Exmendras9778Ire\",\"image\":{\"@type\":\"ImageObject\",\"inLanguage\":\"fr-FR\",\"@id\":\"https:\\\/\\\/secure.gravatar.com\\\/avatar\\\/1d32c4898c1c3cddd0af4807f344953e79c67dc927ed0c3a2147aa472310a764?s=96&d=mm&r=g\",\"url\":\"https:\\\/\\\/secure.gravatar.com\\\/avatar\\\/1d32c4898c1c3cddd0af4807f344953e79c67dc927ed0c3a2147aa472310a764?s=96&d=mm&r=g\",\"contentUrl\":\"https:\\\/\\\/secure.gravatar.com\\\/avatar\\\/1d32c4898c1c3cddd0af4807f344953e79c67dc927ed0c3a2147aa472310a764?s=96&d=mm&r=g\",\"caption\":\"Exmendras9778Ire\"},\"sameAs\":[\"https:\\\/\\\/www.almendrasdebardenas.com\"]}]}<\/script>\n<!-- \/ Yoast SEO plugin. -->","yoast_head_json":{"title":"Receta de almendras tostadas de mi abuela, elaboraci\u00f3n tradicional.","description":"\u00bfSabes como elaborar almendras tostadas?, os traigo la receta de almendras tostadas tal y como las preparaba mi abuela.","robots":{"index":"index","follow":"follow","max-snippet":"max-snippet:-1","max-image-preview":"max-image-preview:large","max-video-preview":"max-video-preview:-1"},"canonical":"https:\/\/www.almendrasdebardenas.com\/blog\/receta-de-almendras-tostadas-de-mi-abuela\/","og_locale":"fr_FR","og_type":"article","og_title":"Receta de almendras tostadas de mi abuela, elaboraci\u00f3n tradicional.","og_description":"\u00bfSabes como elaborar almendras tostadas?, os traigo la receta de almendras tostadas tal y como las preparaba mi abuela.","og_url":"https:\/\/www.almendrasdebardenas.com\/blog\/receta-de-almendras-tostadas-de-mi-abuela\/","og_site_name":"Almendras Leoz","article_published_time":"2021-12-21T08:58:44+00:00","article_modified_time":"2021-12-21T09:45:47+00:00","og_image":[{"width":1024,"height":920,"url":"https:\/\/www.almendrasdebardenas.com\/wp-content\/uploads\/receta-de-almendras-tostadas.jpg","type":"image\/jpeg"}],"author":"Exmendras9778Ire","twitter_card":"summary_large_image","twitter_creator":"@irenenonay","twitter_site":"@irenenonay","twitter_misc":{"\u00c9crit par":"Exmendras9778Ire","Dur\u00e9e de lecture estim\u00e9e":"2 minutes"},"schema":{"@context":"https:\/\/schema.org","@graph":[{"@type":"Article","@id":"https:\/\/www.almendrasdebardenas.com\/blog\/receta-de-almendras-tostadas-de-mi-abuela\/#article","isPartOf":{"@id":"https:\/\/www.almendrasdebardenas.com\/blog\/receta-de-almendras-tostadas-de-mi-abuela\/"},"author":{"name":"Exmendras9778Ire","@id":"https:\/\/www.almendrasdebardenas.com\/#\/schema\/person\/28d82a27ebb159b9dad862c60b9656e3"},"headline":"Almendras tostadas, la receta de mi abuela","datePublished":"2021-12-21T08:58:44+00:00","dateModified":"2021-12-21T09:45:47+00:00","mainEntityOfPage":{"@id":"https:\/\/www.almendrasdebardenas.com\/blog\/receta-de-almendras-tostadas-de-mi-abuela\/"},"wordCount":396,"publisher":{"@id":"https:\/\/www.almendrasdebardenas.com\/#organization"},"image":{"@id":"https:\/\/www.almendrasdebardenas.com\/blog\/receta-de-almendras-tostadas-de-mi-abuela\/#primaryimage"},"thumbnailUrl":"https:\/\/www.almendrasdebardenas.com\/wp-content\/uploads\/receta-de-almendras-tostadas.jpg","articleSection":["Blog"],"inLanguage":"fr-FR"},{"@type":"WebPage","@id":"https:\/\/www.almendrasdebardenas.com\/blog\/receta-de-almendras-tostadas-de-mi-abuela\/","url":"https:\/\/www.almendrasdebardenas.com\/blog\/receta-de-almendras-tostadas-de-mi-abuela\/","name":"Receta de almendras tostadas de mi abuela, elaboraci\u00f3n tradicional.","isPartOf":{"@id":"https:\/\/www.almendrasdebardenas.com\/#website"},"primaryImageOfPage":{"@id":"https:\/\/www.almendrasdebardenas.com\/blog\/receta-de-almendras-tostadas-de-mi-abuela\/#primaryimage"},"image":{"@id":"https:\/\/www.almendrasdebardenas.com\/blog\/receta-de-almendras-tostadas-de-mi-abuela\/#primaryimage"},"thumbnailUrl":"https:\/\/www.almendrasdebardenas.com\/wp-content\/uploads\/receta-de-almendras-tostadas.jpg","datePublished":"2021-12-21T08:58:44+00:00","dateModified":"2021-12-21T09:45:47+00:00","description":"\u00bfSabes como elaborar almendras tostadas?, os traigo la receta de almendras tostadas tal y como las preparaba mi abuela.","breadcrumb":{"@id":"https:\/\/www.almendrasdebardenas.com\/blog\/receta-de-almendras-tostadas-de-mi-abuela\/#breadcrumb"},"inLanguage":"fr-FR","potentialAction":[{"@type":"ReadAction","target":["https:\/\/www.almendrasdebardenas.com\/blog\/receta-de-almendras-tostadas-de-mi-abuela\/"]}]},{"@type":"ImageObject","inLanguage":"fr-FR","@id":"https:\/\/www.almendrasdebardenas.com\/blog\/receta-de-almendras-tostadas-de-mi-abuela\/#primaryimage","url":"https:\/\/www.almendrasdebardenas.com\/wp-content\/uploads\/receta-de-almendras-tostadas.jpg","contentUrl":"https:\/\/www.almendrasdebardenas.com\/wp-content\/uploads\/receta-de-almendras-tostadas.jpg","width":1024,"height":920,"caption":"Receta de almendras tostadas"},{"@type":"BreadcrumbList","@id":"https:\/\/www.almendrasdebardenas.com\/blog\/receta-de-almendras-tostadas-de-mi-abuela\/#breadcrumb","itemListElement":[{"@type":"ListItem","position":1,"name":"Portada","item":"https:\/\/www.almendrasdebardenas.com\/"},{"@type":"ListItem","position":2,"name":"Almendras tostadas, la receta de mi abuela"}]},{"@type":"WebSite","@id":"https:\/\/www.almendrasdebardenas.com\/#website","url":"https:\/\/www.almendrasdebardenas.com\/","name":"Almendras Leoz","description":"Almendras de Bardenas","publisher":{"@id":"https:\/\/www.almendrasdebardenas.com\/#organization"},"potentialAction":[{"@type":"SearchAction","target":{"@type":"EntryPoint","urlTemplate":"https:\/\/www.almendrasdebardenas.com\/?s={search_term_string}"},"query-input":{"@type":"PropertyValueSpecification","valueRequired":true,"valueName":"search_term_string"}}],"inLanguage":"fr-FR"},{"@type":"Organization","@id":"https:\/\/www.almendrasdebardenas.com\/#organization","name":"Almendras Leoz","url":"https:\/\/www.almendrasdebardenas.com\/","logo":{"@type":"ImageObject","inLanguage":"fr-FR","@id":"https:\/\/www.almendrasdebardenas.com\/#\/schema\/logo\/image\/","url":"https:\/\/www.almendrasdebardenas.com\/wp-content\/uploads\/leoz-almendras-de-bardenas.png","contentUrl":"https:\/\/www.almendrasdebardenas.com\/wp-content\/uploads\/leoz-almendras-de-bardenas.png","width":300,"height":90,"caption":"Almendras Leoz"},"image":{"@id":"https:\/\/www.almendrasdebardenas.com\/#\/schema\/logo\/image\/"},"sameAs":["https:\/\/x.com\/irenenonay","https:\/\/www.instagram.com\/irenenonay\/"]},{"@type":"Person","@id":"https:\/\/www.almendrasdebardenas.com\/#\/schema\/person\/28d82a27ebb159b9dad862c60b9656e3","name":"Exmendras9778Ire","image":{"@type":"ImageObject","inLanguage":"fr-FR","@id":"https:\/\/secure.gravatar.com\/avatar\/1d32c4898c1c3cddd0af4807f344953e79c67dc927ed0c3a2147aa472310a764?s=96&d=mm&r=g","url":"https:\/\/secure.gravatar.com\/avatar\/1d32c4898c1c3cddd0af4807f344953e79c67dc927ed0c3a2147aa472310a764?s=96&d=mm&r=g","contentUrl":"https:\/\/secure.gravatar.com\/avatar\/1d32c4898c1c3cddd0af4807f344953e79c67dc927ed0c3a2147aa472310a764?s=96&d=mm&r=g","caption":"Exmendras9778Ire"},"sameAs":["https:\/\/www.almendrasdebardenas.com"]}]}},"_links":{"self":[{"href":"https:\/\/www.almendrasdebardenas.com\/fr\/wp-json\/wp\/v2\/posts\/498","targetHints":{"allow":["GET"]}}],"collection":[{"href":"https:\/\/www.almendrasdebardenas.com\/fr\/wp-json\/wp\/v2\/posts"}],"about":[{"href":"https:\/\/www.almendrasdebardenas.com\/fr\/wp-json\/wp\/v2\/types\/post"}],"author":[{"embeddable":true,"href":"https:\/\/www.almendrasdebardenas.com\/fr\/wp-json\/wp\/v2\/users\/1"}],"replies":[{"embeddable":true,"href":"https:\/\/www.almendrasdebardenas.com\/fr\/wp-json\/wp\/v2\/comments?post=498"}],"version-history":[{"count":2,"href":"https:\/\/www.almendrasdebardenas.com\/fr\/wp-json\/wp\/v2\/posts\/498\/revisions"}],"predecessor-version":[{"id":505,"href":"https:\/\/www.almendrasdebardenas.com\/fr\/wp-json\/wp\/v2\/posts\/498\/revisions\/505"}],"wp:featuredmedia":[{"embeddable":true,"href":"https:\/\/www.almendrasdebardenas.com\/fr\/wp-json\/wp\/v2\/media\/499"}],"wp:attachment":[{"href":"https:\/\/www.almendrasdebardenas.com\/fr\/wp-json\/wp\/v2\/media?parent=498"}],"wp:term":[{"taxonomy":"category","embeddable":true,"href":"https:\/\/www.almendrasdebardenas.com\/fr\/wp-json\/wp\/v2\/categories?post=498"},{"taxonomy":"post_tag","embeddable":true,"href":"https:\/\/www.almendrasdebardenas.com\/fr\/wp-json\/wp\/v2\/tags?post=498"}],"curies":[{"name":"wp","href":"https:\/\/api.w.org\/{rel}","templated":true}]}}