{"id":374,"date":"2021-11-23T11:00:57","date_gmt":"2021-11-23T11:00:57","guid":{"rendered":"https:\/\/www.almendrasdebardenas.com\/?p=374"},"modified":"2021-11-24T11:44:40","modified_gmt":"2021-11-24T11:44:40","slug":"","status":"publish","type":"post","link":"https:\/\/www.almendrasdebardenas.com\/fr\/blog\/receta-de-bizcocho-de-almendras\/","title":{"rendered":"","raw":""},"content":{"rendered":"","protected":false,"raw":""},"excerpt":{"rendered":"","protected":false,"raw":""},"author":1,"featured_media":375,"comment_status":"closed","ping_status":"closed","sticky":false,"template":"","format":"standard","meta":{"_es_post_content":"Os traemos una deliciosa receta del <strong>tradicional bizcocho de almendras<\/strong>, elaborada a base de productos de siempre y que solo tiene un secreto: usar almendras de la mejor calidad.<!--more-->\r\n\r\nPara esta receta usaremos almendras de las Bardenas de Navarra, de nuestra propia cosecha, lo primero ser\u00e1 preparar los ingredientes.\r\n<h3>Ingredientes para 12 raciones:<\/h3>\r\n<ul>\r\n \t<li>300g de az\u00facar glass (az\u00facar triturada con un poco de corteza de lim\u00f3n).<\/li>\r\n \t<li>3 huevos<\/li>\r\n \t<li>100 ml de leche<\/li>\r\n \t<li>100 ml aceite de girasol<\/li>\r\n \t<li>80g harina de reposter\u00eda<\/li>\r\n \t<li>300g almendra molida<\/li>\r\n \t<li>1\/2 sobre de levadura<\/li>\r\n<\/ul>\r\n<h3>Elaboraci\u00f3n del bizcocho de almendras<\/h3>\r\nAntes de comenzar, es importante contar con <strong>un recipiente adecuado<\/strong>, lo mejor es usar un molde redondo desmontable de 26 cm de di\u00e1metro, de esta manera te asegurar\u00e1s de que el bizcocho no se quede pegado en el molde y se arruine la receta. Tambien debemos <strong>precalentar el horno a 180\u00baC<\/strong>, y por supuesto, para que el bizcocho salga espectacular, tenemos que usar la mejor almendra del mundo.\r\n<ul>\r\n \t<li>Con todos los ingredientes preparados empezamos separando las claras de las yemas.<\/li>\r\n \t<li>Mezclamos las yemas con el az\u00facar, la leche y el aceite.<\/li>\r\n \t<li>A\u00f1adimos la harina tamizada junto con la levadura y por \u00faltimo la almendra molida.<\/li>\r\n \t<li>Dejamos reposar esta mezcla unos minutos mientras montamos las claras a punto de nieve (a\u00f1adir una pizca de sal y unas gotas de zumo de lim\u00f3n para que salga perfecto).<\/li>\r\n \t<li>Con movimientos envolventes vamos a\u00f1adiendo las claras a la mezcla del resto de ingredientes que tenemos reservada.<\/li>\r\n \t<li>Horneamos unos 40 minutos (hay que conocer nuestro horno, no dejar de vigilar para que no se queme y sobre todo no abrir el horno a media cocci\u00f3n). Pinchamos con un cuchillo el bizcocho y cuando sale limpio es que ya est\u00e1 listo.<\/li>\r\n<\/ul>\r\nUna vez que el bizcocho est\u00e1 bien horneado, no lo saques del horno de golpe, d\u00e9jalo enfriar dentro del horno con la puerta abierta.\r\n\r\nAl sacarlo del horno d\u00e9jalo enfriar por completo y listo para disfrutar de un exquisito bizcocho de almendras.","_es_post_name":"receta-de-bizcocho-de-almendras","_es_post_excerpt":"","_es_post_title":"Receta de bizcocho de almendras","_en_post_content":"","_en_post_name":"","_en_post_excerpt":"","_en_post_title":"","_fr_post_content":"","_fr_post_name":"","_fr_post_excerpt":"","_fr_post_title":"","edit_language":"fr","footnotes":""},"categories":[1],"tags":[],"class_list":["post-374","post","type-post","status-publish","format-standard","has-post-thumbnail","hentry","category-blog"],"yoast_head":"<!-- This site is optimized with the Yoast SEO plugin v27.4 - https:\/\/yoast.com\/product\/yoast-seo-wordpress\/ -->\n<title>Bizcocho de almendras, receta de este tradicional postre<\/title>\n<meta name=\"description\" content=\"Os traemos una receta muy especial, bizcocho de almendras tradicional, elaborado con almendras de Las Bardenas de Navarra.\" \/>\n<meta name=\"robots\" content=\"index, follow, max-snippet:-1, max-image-preview:large, max-video-preview:-1\" \/>\n<link rel=\"canonical\" href=\"https:\/\/www.almendrasdebardenas.com\/blog\/receta-de-bizcocho-de-almendras\/\" \/>\n<meta property=\"og:locale\" content=\"fr_FR\" \/>\n<meta property=\"og:type\" content=\"article\" \/>\n<meta property=\"og:title\" content=\"Bizcocho de almendras, receta de este tradicional postre\" \/>\n<meta property=\"og:description\" content=\"Os traemos una receta muy especial, bizcocho de almendras tradicional, elaborado con almendras de Las Bardenas de Navarra.\" \/>\n<meta property=\"og:url\" content=\"https:\/\/www.almendrasdebardenas.com\/blog\/receta-de-bizcocho-de-almendras\/\" \/>\n<meta property=\"og:site_name\" content=\"Almendras Leoz\" \/>\n<meta property=\"article:published_time\" content=\"2021-11-23T11:00:57+00:00\" \/>\n<meta property=\"article:modified_time\" content=\"2021-11-24T11:44:40+00:00\" \/>\n<meta property=\"og:image\" content=\"https:\/\/www.almendrasdebardenas.com\/wp-content\/uploads\/receta-bizcocho-de-almendras.jpg\" \/>\n\t<meta property=\"og:image:width\" content=\"1024\" \/>\n\t<meta property=\"og:image:height\" content=\"920\" \/>\n\t<meta property=\"og:image:type\" content=\"image\/jpeg\" \/>\n<meta name=\"author\" content=\"Exmendras9778Ire\" \/>\n<meta name=\"twitter:card\" content=\"summary_large_image\" \/>\n<meta name=\"twitter:creator\" content=\"@irenenonay\" \/>\n<meta name=\"twitter:site\" content=\"@irenenonay\" \/>\n<meta name=\"twitter:label1\" content=\"\u00c9crit par\" \/>\n\t<meta name=\"twitter:data1\" content=\"Exmendras9778Ire\" \/>\n\t<meta name=\"twitter:label2\" content=\"Dur\u00e9e de lecture estim\u00e9e\" \/>\n\t<meta name=\"twitter:data2\" content=\"2 minutes\" \/>\n<script type=\"application\/ld+json\" class=\"yoast-schema-graph\">{\"@context\":\"https:\\\/\\\/schema.org\",\"@graph\":[{\"@type\":\"Article\",\"@id\":\"https:\\\/\\\/www.almendrasdebardenas.com\\\/blog\\\/receta-de-bizcocho-de-almendras\\\/#article\",\"isPartOf\":{\"@id\":\"https:\\\/\\\/www.almendrasdebardenas.com\\\/blog\\\/receta-de-bizcocho-de-almendras\\\/\"},\"author\":{\"name\":\"Exmendras9778Ire\",\"@id\":\"https:\\\/\\\/www.almendrasdebardenas.com\\\/#\\\/schema\\\/person\\\/28d82a27ebb159b9dad862c60b9656e3\"},\"headline\":\"Receta de bizcocho de almendras\",\"datePublished\":\"2021-11-23T11:00:57+00:00\",\"dateModified\":\"2021-11-24T11:44:40+00:00\",\"mainEntityOfPage\":{\"@id\":\"https:\\\/\\\/www.almendrasdebardenas.com\\\/blog\\\/receta-de-bizcocho-de-almendras\\\/\"},\"wordCount\":343,\"publisher\":{\"@id\":\"https:\\\/\\\/www.almendrasdebardenas.com\\\/#organization\"},\"image\":{\"@id\":\"https:\\\/\\\/www.almendrasdebardenas.com\\\/blog\\\/receta-de-bizcocho-de-almendras\\\/#primaryimage\"},\"thumbnailUrl\":\"https:\\\/\\\/www.almendrasdebardenas.com\\\/wp-content\\\/uploads\\\/receta-bizcocho-de-almendras.jpg\",\"articleSection\":[\"Blog\"],\"inLanguage\":\"fr-FR\"},{\"@type\":\"WebPage\",\"@id\":\"https:\\\/\\\/www.almendrasdebardenas.com\\\/blog\\\/receta-de-bizcocho-de-almendras\\\/\",\"url\":\"https:\\\/\\\/www.almendrasdebardenas.com\\\/blog\\\/receta-de-bizcocho-de-almendras\\\/\",\"name\":\"Bizcocho de almendras, receta de este tradicional postre\",\"isPartOf\":{\"@id\":\"https:\\\/\\\/www.almendrasdebardenas.com\\\/#website\"},\"primaryImageOfPage\":{\"@id\":\"https:\\\/\\\/www.almendrasdebardenas.com\\\/blog\\\/receta-de-bizcocho-de-almendras\\\/#primaryimage\"},\"image\":{\"@id\":\"https:\\\/\\\/www.almendrasdebardenas.com\\\/blog\\\/receta-de-bizcocho-de-almendras\\\/#primaryimage\"},\"thumbnailUrl\":\"https:\\\/\\\/www.almendrasdebardenas.com\\\/wp-content\\\/uploads\\\/receta-bizcocho-de-almendras.jpg\",\"datePublished\":\"2021-11-23T11:00:57+00:00\",\"dateModified\":\"2021-11-24T11:44:40+00:00\",\"description\":\"Os traemos una receta muy especial, bizcocho de almendras tradicional, elaborado con almendras de Las Bardenas de Navarra.\",\"breadcrumb\":{\"@id\":\"https:\\\/\\\/www.almendrasdebardenas.com\\\/blog\\\/receta-de-bizcocho-de-almendras\\\/#breadcrumb\"},\"inLanguage\":\"fr-FR\",\"potentialAction\":[{\"@type\":\"ReadAction\",\"target\":[\"https:\\\/\\\/www.almendrasdebardenas.com\\\/blog\\\/receta-de-bizcocho-de-almendras\\\/\"]}]},{\"@type\":\"ImageObject\",\"inLanguage\":\"fr-FR\",\"@id\":\"https:\\\/\\\/www.almendrasdebardenas.com\\\/blog\\\/receta-de-bizcocho-de-almendras\\\/#primaryimage\",\"url\":\"https:\\\/\\\/www.almendrasdebardenas.com\\\/wp-content\\\/uploads\\\/receta-bizcocho-de-almendras.jpg\",\"contentUrl\":\"https:\\\/\\\/www.almendrasdebardenas.com\\\/wp-content\\\/uploads\\\/receta-bizcocho-de-almendras.jpg\",\"width\":1024,\"height\":920,\"caption\":\"Receta bizcocho de almendras\"},{\"@type\":\"BreadcrumbList\",\"@id\":\"https:\\\/\\\/www.almendrasdebardenas.com\\\/blog\\\/receta-de-bizcocho-de-almendras\\\/#breadcrumb\",\"itemListElement\":[{\"@type\":\"ListItem\",\"position\":1,\"name\":\"Portada\",\"item\":\"https:\\\/\\\/www.almendrasdebardenas.com\\\/\"},{\"@type\":\"ListItem\",\"position\":2,\"name\":\"Receta de bizcocho de almendras\"}]},{\"@type\":\"WebSite\",\"@id\":\"https:\\\/\\\/www.almendrasdebardenas.com\\\/#website\",\"url\":\"https:\\\/\\\/www.almendrasdebardenas.com\\\/\",\"name\":\"Almendras Leoz\",\"description\":\"Almendras de Bardenas\",\"publisher\":{\"@id\":\"https:\\\/\\\/www.almendrasdebardenas.com\\\/#organization\"},\"potentialAction\":[{\"@type\":\"SearchAction\",\"target\":{\"@type\":\"EntryPoint\",\"urlTemplate\":\"https:\\\/\\\/www.almendrasdebardenas.com\\\/?s={search_term_string}\"},\"query-input\":{\"@type\":\"PropertyValueSpecification\",\"valueRequired\":true,\"valueName\":\"search_term_string\"}}],\"inLanguage\":\"fr-FR\"},{\"@type\":\"Organization\",\"@id\":\"https:\\\/\\\/www.almendrasdebardenas.com\\\/#organization\",\"name\":\"Almendras Leoz\",\"url\":\"https:\\\/\\\/www.almendrasdebardenas.com\\\/\",\"logo\":{\"@type\":\"ImageObject\",\"inLanguage\":\"fr-FR\",\"@id\":\"https:\\\/\\\/www.almendrasdebardenas.com\\\/#\\\/schema\\\/logo\\\/image\\\/\",\"url\":\"https:\\\/\\\/www.almendrasdebardenas.com\\\/wp-content\\\/uploads\\\/leoz-almendras-de-bardenas.png\",\"contentUrl\":\"https:\\\/\\\/www.almendrasdebardenas.com\\\/wp-content\\\/uploads\\\/leoz-almendras-de-bardenas.png\",\"width\":300,\"height\":90,\"caption\":\"Almendras Leoz\"},\"image\":{\"@id\":\"https:\\\/\\\/www.almendrasdebardenas.com\\\/#\\\/schema\\\/logo\\\/image\\\/\"},\"sameAs\":[\"https:\\\/\\\/x.com\\\/irenenonay\",\"https:\\\/\\\/www.instagram.com\\\/irenenonay\\\/\"]},{\"@type\":\"Person\",\"@id\":\"https:\\\/\\\/www.almendrasdebardenas.com\\\/#\\\/schema\\\/person\\\/28d82a27ebb159b9dad862c60b9656e3\",\"name\":\"Exmendras9778Ire\",\"image\":{\"@type\":\"ImageObject\",\"inLanguage\":\"fr-FR\",\"@id\":\"https:\\\/\\\/secure.gravatar.com\\\/avatar\\\/1d32c4898c1c3cddd0af4807f344953e79c67dc927ed0c3a2147aa472310a764?s=96&d=mm&r=g\",\"url\":\"https:\\\/\\\/secure.gravatar.com\\\/avatar\\\/1d32c4898c1c3cddd0af4807f344953e79c67dc927ed0c3a2147aa472310a764?s=96&d=mm&r=g\",\"contentUrl\":\"https:\\\/\\\/secure.gravatar.com\\\/avatar\\\/1d32c4898c1c3cddd0af4807f344953e79c67dc927ed0c3a2147aa472310a764?s=96&d=mm&r=g\",\"caption\":\"Exmendras9778Ire\"},\"sameAs\":[\"https:\\\/\\\/www.almendrasdebardenas.com\"]}]}<\/script>\n<!-- \/ Yoast SEO plugin. -->","yoast_head_json":{"title":"Bizcocho de almendras, receta de este tradicional postre","description":"Os traemos una receta muy especial, bizcocho de almendras tradicional, elaborado con almendras de Las Bardenas de Navarra.","robots":{"index":"index","follow":"follow","max-snippet":"max-snippet:-1","max-image-preview":"max-image-preview:large","max-video-preview":"max-video-preview:-1"},"canonical":"https:\/\/www.almendrasdebardenas.com\/blog\/receta-de-bizcocho-de-almendras\/","og_locale":"fr_FR","og_type":"article","og_title":"Bizcocho de almendras, receta de este tradicional postre","og_description":"Os traemos una receta muy especial, bizcocho de almendras tradicional, elaborado con almendras de Las Bardenas de Navarra.","og_url":"https:\/\/www.almendrasdebardenas.com\/blog\/receta-de-bizcocho-de-almendras\/","og_site_name":"Almendras Leoz","article_published_time":"2021-11-23T11:00:57+00:00","article_modified_time":"2021-11-24T11:44:40+00:00","og_image":[{"width":1024,"height":920,"url":"https:\/\/www.almendrasdebardenas.com\/wp-content\/uploads\/receta-bizcocho-de-almendras.jpg","type":"image\/jpeg"}],"author":"Exmendras9778Ire","twitter_card":"summary_large_image","twitter_creator":"@irenenonay","twitter_site":"@irenenonay","twitter_misc":{"\u00c9crit par":"Exmendras9778Ire","Dur\u00e9e de lecture estim\u00e9e":"2 minutes"},"schema":{"@context":"https:\/\/schema.org","@graph":[{"@type":"Article","@id":"https:\/\/www.almendrasdebardenas.com\/blog\/receta-de-bizcocho-de-almendras\/#article","isPartOf":{"@id":"https:\/\/www.almendrasdebardenas.com\/blog\/receta-de-bizcocho-de-almendras\/"},"author":{"name":"Exmendras9778Ire","@id":"https:\/\/www.almendrasdebardenas.com\/#\/schema\/person\/28d82a27ebb159b9dad862c60b9656e3"},"headline":"Receta de bizcocho de almendras","datePublished":"2021-11-23T11:00:57+00:00","dateModified":"2021-11-24T11:44:40+00:00","mainEntityOfPage":{"@id":"https:\/\/www.almendrasdebardenas.com\/blog\/receta-de-bizcocho-de-almendras\/"},"wordCount":343,"publisher":{"@id":"https:\/\/www.almendrasdebardenas.com\/#organization"},"image":{"@id":"https:\/\/www.almendrasdebardenas.com\/blog\/receta-de-bizcocho-de-almendras\/#primaryimage"},"thumbnailUrl":"https:\/\/www.almendrasdebardenas.com\/wp-content\/uploads\/receta-bizcocho-de-almendras.jpg","articleSection":["Blog"],"inLanguage":"fr-FR"},{"@type":"WebPage","@id":"https:\/\/www.almendrasdebardenas.com\/blog\/receta-de-bizcocho-de-almendras\/","url":"https:\/\/www.almendrasdebardenas.com\/blog\/receta-de-bizcocho-de-almendras\/","name":"Bizcocho de almendras, receta de este tradicional postre","isPartOf":{"@id":"https:\/\/www.almendrasdebardenas.com\/#website"},"primaryImageOfPage":{"@id":"https:\/\/www.almendrasdebardenas.com\/blog\/receta-de-bizcocho-de-almendras\/#primaryimage"},"image":{"@id":"https:\/\/www.almendrasdebardenas.com\/blog\/receta-de-bizcocho-de-almendras\/#primaryimage"},"thumbnailUrl":"https:\/\/www.almendrasdebardenas.com\/wp-content\/uploads\/receta-bizcocho-de-almendras.jpg","datePublished":"2021-11-23T11:00:57+00:00","dateModified":"2021-11-24T11:44:40+00:00","description":"Os traemos una receta muy especial, bizcocho de almendras tradicional, elaborado con almendras de Las Bardenas de Navarra.","breadcrumb":{"@id":"https:\/\/www.almendrasdebardenas.com\/blog\/receta-de-bizcocho-de-almendras\/#breadcrumb"},"inLanguage":"fr-FR","potentialAction":[{"@type":"ReadAction","target":["https:\/\/www.almendrasdebardenas.com\/blog\/receta-de-bizcocho-de-almendras\/"]}]},{"@type":"ImageObject","inLanguage":"fr-FR","@id":"https:\/\/www.almendrasdebardenas.com\/blog\/receta-de-bizcocho-de-almendras\/#primaryimage","url":"https:\/\/www.almendrasdebardenas.com\/wp-content\/uploads\/receta-bizcocho-de-almendras.jpg","contentUrl":"https:\/\/www.almendrasdebardenas.com\/wp-content\/uploads\/receta-bizcocho-de-almendras.jpg","width":1024,"height":920,"caption":"Receta bizcocho de almendras"},{"@type":"BreadcrumbList","@id":"https:\/\/www.almendrasdebardenas.com\/blog\/receta-de-bizcocho-de-almendras\/#breadcrumb","itemListElement":[{"@type":"ListItem","position":1,"name":"Portada","item":"https:\/\/www.almendrasdebardenas.com\/"},{"@type":"ListItem","position":2,"name":"Receta de bizcocho de almendras"}]},{"@type":"WebSite","@id":"https:\/\/www.almendrasdebardenas.com\/#website","url":"https:\/\/www.almendrasdebardenas.com\/","name":"Almendras Leoz","description":"Almendras de Bardenas","publisher":{"@id":"https:\/\/www.almendrasdebardenas.com\/#organization"},"potentialAction":[{"@type":"SearchAction","target":{"@type":"EntryPoint","urlTemplate":"https:\/\/www.almendrasdebardenas.com\/?s={search_term_string}"},"query-input":{"@type":"PropertyValueSpecification","valueRequired":true,"valueName":"search_term_string"}}],"inLanguage":"fr-FR"},{"@type":"Organization","@id":"https:\/\/www.almendrasdebardenas.com\/#organization","name":"Almendras Leoz","url":"https:\/\/www.almendrasdebardenas.com\/","logo":{"@type":"ImageObject","inLanguage":"fr-FR","@id":"https:\/\/www.almendrasdebardenas.com\/#\/schema\/logo\/image\/","url":"https:\/\/www.almendrasdebardenas.com\/wp-content\/uploads\/leoz-almendras-de-bardenas.png","contentUrl":"https:\/\/www.almendrasdebardenas.com\/wp-content\/uploads\/leoz-almendras-de-bardenas.png","width":300,"height":90,"caption":"Almendras Leoz"},"image":{"@id":"https:\/\/www.almendrasdebardenas.com\/#\/schema\/logo\/image\/"},"sameAs":["https:\/\/x.com\/irenenonay","https:\/\/www.instagram.com\/irenenonay\/"]},{"@type":"Person","@id":"https:\/\/www.almendrasdebardenas.com\/#\/schema\/person\/28d82a27ebb159b9dad862c60b9656e3","name":"Exmendras9778Ire","image":{"@type":"ImageObject","inLanguage":"fr-FR","@id":"https:\/\/secure.gravatar.com\/avatar\/1d32c4898c1c3cddd0af4807f344953e79c67dc927ed0c3a2147aa472310a764?s=96&d=mm&r=g","url":"https:\/\/secure.gravatar.com\/avatar\/1d32c4898c1c3cddd0af4807f344953e79c67dc927ed0c3a2147aa472310a764?s=96&d=mm&r=g","contentUrl":"https:\/\/secure.gravatar.com\/avatar\/1d32c4898c1c3cddd0af4807f344953e79c67dc927ed0c3a2147aa472310a764?s=96&d=mm&r=g","caption":"Exmendras9778Ire"},"sameAs":["https:\/\/www.almendrasdebardenas.com"]}]}},"_links":{"self":[{"href":"https:\/\/www.almendrasdebardenas.com\/fr\/wp-json\/wp\/v2\/posts\/374","targetHints":{"allow":["GET"]}}],"collection":[{"href":"https:\/\/www.almendrasdebardenas.com\/fr\/wp-json\/wp\/v2\/posts"}],"about":[{"href":"https:\/\/www.almendrasdebardenas.com\/fr\/wp-json\/wp\/v2\/types\/post"}],"author":[{"embeddable":true,"href":"https:\/\/www.almendrasdebardenas.com\/fr\/wp-json\/wp\/v2\/users\/1"}],"replies":[{"embeddable":true,"href":"https:\/\/www.almendrasdebardenas.com\/fr\/wp-json\/wp\/v2\/comments?post=374"}],"version-history":[{"count":2,"href":"https:\/\/www.almendrasdebardenas.com\/fr\/wp-json\/wp\/v2\/posts\/374\/revisions"}],"predecessor-version":[{"id":387,"href":"https:\/\/www.almendrasdebardenas.com\/fr\/wp-json\/wp\/v2\/posts\/374\/revisions\/387"}],"wp:featuredmedia":[{"embeddable":true,"href":"https:\/\/www.almendrasdebardenas.com\/fr\/wp-json\/wp\/v2\/media\/375"}],"wp:attachment":[{"href":"https:\/\/www.almendrasdebardenas.com\/fr\/wp-json\/wp\/v2\/media?parent=374"}],"wp:term":[{"taxonomy":"category","embeddable":true,"href":"https:\/\/www.almendrasdebardenas.com\/fr\/wp-json\/wp\/v2\/categories?post=374"},{"taxonomy":"post_tag","embeddable":true,"href":"https:\/\/www.almendrasdebardenas.com\/fr\/wp-json\/wp\/v2\/tags?post=374"}],"curies":[{"name":"wp","href":"https:\/\/api.w.org\/{rel}","templated":true}]}}